{"id":161,"date":"2016-04-08T07:01:05","date_gmt":"2016-04-08T07:01:05","guid":{"rendered":"http:\/\/www.travel-zone-greece.com\/blog\/?p=161"},"modified":"2022-04-18T12:02:42","modified_gmt":"2022-04-18T12:02:42","slug":"marking-75-years-of-greece-australia-and-new-zealand-alliance-during-wwii","status":"publish","type":"post","link":"https:\/\/www.travel-zone-greece.com\/blog\/es\/marking-75-years-of-greece-australia-and-new-zealand-alliance-during-wwii\/","title":{"rendered":"En memoria de los 75 a\u00f1os desde la alianza de Grecia, Australia y Nueva Zelanda durante la Segunda Guerra Mundial"},"content":{"rendered":"<p>Este a\u00f1o, la Alianza entre Grecia, Australia y Nueva Zelanda en la batalla de Creta durante la Segunda Guerra Mundial marca 75 a\u00f1os.<\/p>\n<p>Como todos los a\u00f1os, diversas celebraciones van a tomar lugar en memoria de este evento.<\/p>\n<p>&nbsp;<\/p>\n<p>El programa de este a\u00f1o para el 2016 es:<\/p>\n<p><strong>Jueves 19 de mayo 2016<\/strong><\/p>\n<p>&#8211; 11:00 Ceremonia en el monumento de Alikianos &#8211; Keritis.<\/p>\n<p><strong>Viernes 20 de mayo 2016<\/strong><\/p>\n<p>&#8211; 11:00\u00a0liturgia por\u00a0la ma\u00f1ana en la catedral de La Canea.<\/p>\n<p>&#8211; 11:30 en la ma\u00f1ana alza de la bandera en la Fortaleza Firkas.<\/p>\n<p>&#8211; 19:00 en la colina Galatas, Memorial de Grecia &#8211; Nueva Zelanda<\/p>\n<p>El 20 de mayo, un equipo de 25 personas de Nueva Zelanda, los Estados Unidos y Grecia llevar\u00e1 a cabo &#8220;Vakhes &#8211; Maori&#8221;. El evento se llevar\u00e1 a cabo en tres idiomas: griego, maor\u00ed e ingl\u00e9s. Adem\u00e1s, los que asisten ver\u00e1n el rendimiento de una canci\u00f3n de los maor\u00edes y la danza Kapa Haka, una danza tradicional de Te Whare Tapere y una danza griega.<\/p>\n<p><strong>S\u00e1bado 21 de mayo 2016<\/strong><\/p>\n<p>&#8211; 11:00 R.A.F Maleme<\/p>\n<p>&#8211; 15:00 Memorial gal\u00e9s, en Galatas.<\/p>\n<p>&#8211; 18:00 \u00a0Ceremonia en la playa de Souda (servicio memorial, colocaci\u00f3n de coronas).<\/p>\n<p><strong>Domingo 22 de mayo 2016<\/strong><\/p>\n<p>&#8211; 13:00 Ceremonia en el cementerio de guerra alem\u00e1n<\/p>\n<p>&#8211; 19:00\u00a0Ceremonia en el aer\u00f3dromo de Maleme y demostraci\u00f3n en vivo por el equipo de pilotos F-16 &#8216;Zeus&#8217;.<\/p>\n<p>Source:<span style=\"text-decoration: underline; color: #0000ff;\"> <a href=\"http:\/\/www.hotel-mike.com\/en\/about-crete\/battle-of-crete-2016-75-anniversary.aspx\" target=\"_blank\" rel=\"noopener noreferrer\">hotel-mike.com<\/a><\/span><\/p>\n<div style=\"background-color: #eaeaea; padding: 10px;\"><em><strong>Travel Zone ha dise\u00f1ado un paquete tur\u00edstico especial de car\u00e1cter hist\u00f3rico, dedicado a la Batalla de Creta y la alianza de Creta, Australia y Nueva Zelanda. Esto incluye visitas a los sitios m\u00e1s importantes, monumentos y museos y participaci\u00f3n a las ceremonias y conferencias acompa\u00f1ados de gu\u00edas tur\u00edsticas certificadas. <a href=\"http:\/\/www.travel-zone-greece.com\/contact-us\/\" target=\"_blank\" rel=\"noopener noreferrer\">Cont\u00e1ctenos\u00a0<\/a>para obtener m\u00e1s informaci\u00f3n.<\/strong><\/em><\/div>\n<p><\/p>","protected":false},"excerpt":{"rendered":"<p>Este a\u00f1o, la Alianza entre Grecia, Australia y Nueva Zelanda en la batalla de Creta durante la Segunda Guerra Mundial marca 75 a\u00f1os. Como todos los a\u00f1os, diversas celebraciones van a tomar lugar en memoria de este evento. &nbsp; El programa de este a\u00f1o para el 2016 es: Jueves 19 de mayo 2016 &#8211; 11:00&hellip;&nbsp;<a href=\"https:\/\/www.travel-zone-greece.com\/blog\/es\/marking-75-years-of-greece-australia-and-new-zealand-alliance-during-wwii\/\" rel=\"bookmark\"><span class=\"screen-reader-text\">En memoria de los 75 a\u00f1os desde la alianza de Grecia, Australia y Nueva Zelanda durante la Segunda Guerra Mundial<\/span><\/a><\/p>\n","protected":false},"author":1,"featured_media":158,"comment_status":"closed","ping_status":"open","sticky":false,"template":"","format":"standard","meta":{"neve_meta_sidebar":"","neve_meta_container":"","neve_meta_enable_content_width":"","neve_meta_content_width":0,"neve_meta_title_alignment":"","neve_meta_author_avatar":"","neve_post_elements_order":"","neve_meta_disable_header":"","neve_meta_disable_footer":"","neve_meta_disable_title":""},"categories":[3,65,12],"tags":[61,37,15,68],"yoast_head":"<!-- This site is optimized with the Yoast SEO plugin v20.12 - https:\/\/yoast.com\/wordpress\/plugins\/seo\/ -->\r\n<title>En memoria de los 75 a\u00f1os desde la alianza de Grecia, Australia y Nueva Zelanda durante la Segunda Guerra Mundial | Travel Zone Greece<\/title>\r\n<meta name=\"robots\" content=\"index, follow, max-snippet:-1, max-image-preview:large, max-video-preview:-1\" \/>\r\n<link rel=\"canonical\" href=\"https:\/\/www.travel-zone-greece.com\/blog\/marking-75-years-of-greece-australia-and-new-zealand-alliance-during-wwii\/\" \/>\r\n<meta property=\"og:locale\" content=\"es_ES\" \/>\r\n<meta property=\"og:type\" content=\"article\" \/>\r\n<meta property=\"og:title\" content=\"En memoria de los 75 a\u00f1os desde la alianza de Grecia, Australia y Nueva Zelanda durante la Segunda Guerra Mundial | Travel Zone Greece\" \/>\r\n<meta property=\"og:description\" content=\"Este a\u00f1o, la Alianza entre Grecia, Australia y Nueva Zelanda en la batalla de Creta durante la Segunda Guerra Mundial marca 75 a\u00f1os. Como todos los a\u00f1os, diversas celebraciones van a tomar lugar en memoria de este evento. &nbsp; El programa de este a\u00f1o para el 2016 es: Jueves 19 de mayo 2016 &#8211; 11:00&hellip;&nbsp;En memoria de los 75 a\u00f1os desde la alianza de Grecia, Australia y Nueva Zelanda durante la Segunda Guerra Mundial\" \/>\r\n<meta property=\"og:url\" content=\"https:\/\/www.travel-zone-greece.com\/blog\/marking-75-years-of-greece-australia-and-new-zealand-alliance-during-wwii\/\" \/>\r\n<meta property=\"og:site_name\" content=\"Travel Zone Greece\" \/>\r\n<meta property=\"article:publisher\" content=\"https:\/\/www.facebook.com\/Travel-Zone-Greece-97842396261\/\" \/>\r\n<meta property=\"article:published_time\" content=\"2016-04-08T07:01:05+00:00\" \/>\r\n<meta property=\"article:modified_time\" content=\"2022-04-18T12:02:42+00:00\" \/>\r\n<meta property=\"og:image\" content=\"https:\/\/www.travel-zone-greece.com\/blog\/wp-content\/uploads\/2016\/04\/souda_cemetery-e1460098683866.jpg\" \/>\r\n\t<meta property=\"og:image:width\" content=\"595\" \/>\r\n\t<meta property=\"og:image:height\" content=\"397\" \/>\r\n\t<meta property=\"og:image:type\" content=\"image\/jpeg\" \/>\r\n<meta name=\"author\" content=\"Maggie\" \/>\r\n<meta name=\"twitter:card\" content=\"summary_large_image\" \/>\r\n<meta name=\"twitter:label1\" content=\"Written by\" \/>\n\t<meta name=\"twitter:data1\" content=\"Maggie\" \/>\n\t<meta name=\"twitter:label2\" content=\"Est. reading time\" \/>\n\t<meta name=\"twitter:data2\" content=\"3 minutes\" \/>\r\n<script type=\"application\/ld+json\" class=\"yoast-schema-graph\">{\"@context\":\"https:\/\/schema.org\",\"@graph\":[{\"@type\":\"WebPage\",\"@id\":\"https:\/\/www.travel-zone-greece.com\/blog\/marking-75-years-of-greece-australia-and-new-zealand-alliance-during-wwii\/\",\"url\":\"https:\/\/www.travel-zone-greece.com\/blog\/marking-75-years-of-greece-australia-and-new-zealand-alliance-during-wwii\/\",\"name\":\"En memoria de los 75 a\u00f1os desde la alianza de Grecia, Australia y Nueva Zelanda durante la Segunda Guerra Mundial | Travel Zone Greece\",\"isPartOf\":{\"@id\":\"https:\/\/www.travel-zone-greece.com\/blog\/es\/#website\"},\"datePublished\":\"2016-04-08T07:01:05+00:00\",\"dateModified\":\"2022-04-18T12:02:42+00:00\",\"author\":{\"@id\":\"https:\/\/www.travel-zone-greece.com\/blog\/es\/#\/schema\/person\/f4675c97c57a0ac9a3f0797075b34303\"},\"breadcrumb\":{\"@id\":\"https:\/\/www.travel-zone-greece.com\/blog\/marking-75-years-of-greece-australia-and-new-zealand-alliance-during-wwii\/#breadcrumb\"},\"inLanguage\":\"es-ES\",\"potentialAction\":[{\"@type\":\"ReadAction\",\"target\":[\"https:\/\/www.travel-zone-greece.com\/blog\/marking-75-years-of-greece-australia-and-new-zealand-alliance-during-wwii\/\"]}]},{\"@type\":\"BreadcrumbList\",\"@id\":\"https:\/\/www.travel-zone-greece.com\/blog\/marking-75-years-of-greece-australia-and-new-zealand-alliance-during-wwii\/#breadcrumb\",\"itemListElement\":[{\"@type\":\"ListItem\",\"position\":1,\"name\":\"Home\",\"item\":\"https:\/\/www.travel-zone-greece.com\/blog\/es\/\"},{\"@type\":\"ListItem\",\"position\":2,\"name\":\"Marking 75 years of Greece, Australia and New Zealand Alliance during WWII\"}]},{\"@type\":\"WebSite\",\"@id\":\"https:\/\/www.travel-zone-greece.com\/blog\/es\/#website\",\"url\":\"https:\/\/www.travel-zone-greece.com\/blog\/es\/\",\"name\":\"Travel Zone Greece\",\"description\":\"Your Agent for Destination Greece\",\"potentialAction\":[{\"@type\":\"SearchAction\",\"target\":{\"@type\":\"EntryPoint\",\"urlTemplate\":\"https:\/\/www.travel-zone-greece.com\/blog\/es\/?s={search_term_string}\"},\"query-input\":\"required name=search_term_string\"}],\"inLanguage\":\"es-ES\"},{\"@type\":\"Person\",\"@id\":\"https:\/\/www.travel-zone-greece.com\/blog\/es\/#\/schema\/person\/f4675c97c57a0ac9a3f0797075b34303\",\"name\":\"Maggie\",\"image\":{\"@type\":\"ImageObject\",\"inLanguage\":\"es-ES\",\"@id\":\"https:\/\/www.travel-zone-greece.com\/blog\/es\/#\/schema\/person\/image\/\",\"url\":\"https:\/\/secure.gravatar.com\/avatar\/3db9b082f141420fab9ea6c5ab25b732?s=96&d=mm&r=g\",\"contentUrl\":\"https:\/\/secure.gravatar.com\/avatar\/3db9b082f141420fab9ea6c5ab25b732?s=96&d=mm&r=g\",\"caption\":\"Maggie\"},\"url\":\"https:\/\/www.travel-zone-greece.com\/blog\/es\/author\/tzgblog\/\"}]}<\/script>\r\n<!-- \/ Yoast SEO plugin. -->","yoast_head_json":{"title":"En memoria de los 75 a\u00f1os desde la alianza de Grecia, Australia y Nueva Zelanda durante la Segunda Guerra Mundial | Travel Zone Greece","robots":{"index":"index","follow":"follow","max-snippet":"max-snippet:-1","max-image-preview":"max-image-preview:large","max-video-preview":"max-video-preview:-1"},"canonical":"https:\/\/www.travel-zone-greece.com\/blog\/marking-75-years-of-greece-australia-and-new-zealand-alliance-during-wwii\/","og_locale":"es_ES","og_type":"article","og_title":"En memoria de los 75 a\u00f1os desde la alianza de Grecia, Australia y Nueva Zelanda durante la Segunda Guerra Mundial | Travel Zone Greece","og_description":"Este a\u00f1o, la Alianza entre Grecia, Australia y Nueva Zelanda en la batalla de Creta durante la Segunda Guerra Mundial marca 75 a\u00f1os. Como todos los a\u00f1os, diversas celebraciones van a tomar lugar en memoria de este evento. &nbsp; El programa de este a\u00f1o para el 2016 es: Jueves 19 de mayo 2016 &#8211; 11:00&hellip;&nbsp;En memoria de los 75 a\u00f1os desde la alianza de Grecia, Australia y Nueva Zelanda durante la Segunda Guerra Mundial","og_url":"https:\/\/www.travel-zone-greece.com\/blog\/marking-75-years-of-greece-australia-and-new-zealand-alliance-during-wwii\/","og_site_name":"Travel Zone Greece","article_publisher":"https:\/\/www.facebook.com\/Travel-Zone-Greece-97842396261\/","article_published_time":"2016-04-08T07:01:05+00:00","article_modified_time":"2022-04-18T12:02:42+00:00","og_image":[{"width":595,"height":397,"url":"https:\/\/www.travel-zone-greece.com\/blog\/wp-content\/uploads\/2016\/04\/souda_cemetery-e1460098683866.jpg","type":"image\/jpeg"}],"author":"Maggie","twitter_card":"summary_large_image","twitter_misc":{"Written by":"Maggie","Est. reading time":"3 minutes"},"schema":{"@context":"https:\/\/schema.org","@graph":[{"@type":"WebPage","@id":"https:\/\/www.travel-zone-greece.com\/blog\/marking-75-years-of-greece-australia-and-new-zealand-alliance-during-wwii\/","url":"https:\/\/www.travel-zone-greece.com\/blog\/marking-75-years-of-greece-australia-and-new-zealand-alliance-during-wwii\/","name":"En memoria de los 75 a\u00f1os desde la alianza de Grecia, Australia y Nueva Zelanda durante la Segunda Guerra Mundial | Travel Zone Greece","isPartOf":{"@id":"https:\/\/www.travel-zone-greece.com\/blog\/es\/#website"},"datePublished":"2016-04-08T07:01:05+00:00","dateModified":"2022-04-18T12:02:42+00:00","author":{"@id":"https:\/\/www.travel-zone-greece.com\/blog\/es\/#\/schema\/person\/f4675c97c57a0ac9a3f0797075b34303"},"breadcrumb":{"@id":"https:\/\/www.travel-zone-greece.com\/blog\/marking-75-years-of-greece-australia-and-new-zealand-alliance-during-wwii\/#breadcrumb"},"inLanguage":"es-ES","potentialAction":[{"@type":"ReadAction","target":["https:\/\/www.travel-zone-greece.com\/blog\/marking-75-years-of-greece-australia-and-new-zealand-alliance-during-wwii\/"]}]},{"@type":"BreadcrumbList","@id":"https:\/\/www.travel-zone-greece.com\/blog\/marking-75-years-of-greece-australia-and-new-zealand-alliance-during-wwii\/#breadcrumb","itemListElement":[{"@type":"ListItem","position":1,"name":"Home","item":"https:\/\/www.travel-zone-greece.com\/blog\/es\/"},{"@type":"ListItem","position":2,"name":"Marking 75 years of Greece, Australia and New Zealand Alliance during WWII"}]},{"@type":"WebSite","@id":"https:\/\/www.travel-zone-greece.com\/blog\/es\/#website","url":"https:\/\/www.travel-zone-greece.com\/blog\/es\/","name":"Travel Zone Greece","description":"Your Agent for Destination Greece","potentialAction":[{"@type":"SearchAction","target":{"@type":"EntryPoint","urlTemplate":"https:\/\/www.travel-zone-greece.com\/blog\/es\/?s={search_term_string}"},"query-input":"required name=search_term_string"}],"inLanguage":"es-ES"},{"@type":"Person","@id":"https:\/\/www.travel-zone-greece.com\/blog\/es\/#\/schema\/person\/f4675c97c57a0ac9a3f0797075b34303","name":"Maggie","image":{"@type":"ImageObject","inLanguage":"es-ES","@id":"https:\/\/www.travel-zone-greece.com\/blog\/es\/#\/schema\/person\/image\/","url":"https:\/\/secure.gravatar.com\/avatar\/3db9b082f141420fab9ea6c5ab25b732?s=96&d=mm&r=g","contentUrl":"https:\/\/secure.gravatar.com\/avatar\/3db9b082f141420fab9ea6c5ab25b732?s=96&d=mm&r=g","caption":"Maggie"},"url":"https:\/\/www.travel-zone-greece.com\/blog\/es\/author\/tzgblog\/"}]}},"jetpack_featured_media_url":"https:\/\/www.travel-zone-greece.com\/blog\/wp-content\/uploads\/2016\/04\/souda_cemetery-e1460098683866.jpg","amp_enabled":true,"_links":{"self":[{"href":"https:\/\/www.travel-zone-greece.com\/blog\/es\/wp-json\/wp\/v2\/posts\/161"}],"collection":[{"href":"https:\/\/www.travel-zone-greece.com\/blog\/es\/wp-json\/wp\/v2\/posts"}],"about":[{"href":"https:\/\/www.travel-zone-greece.com\/blog\/es\/wp-json\/wp\/v2\/types\/post"}],"author":[{"embeddable":true,"href":"https:\/\/www.travel-zone-greece.com\/blog\/es\/wp-json\/wp\/v2\/users\/1"}],"replies":[{"embeddable":true,"href":"https:\/\/www.travel-zone-greece.com\/blog\/es\/wp-json\/wp\/v2\/comments?post=161"}],"version-history":[{"count":8,"href":"https:\/\/www.travel-zone-greece.com\/blog\/es\/wp-json\/wp\/v2\/posts\/161\/revisions"}],"predecessor-version":[{"id":6674,"href":"https:\/\/www.travel-zone-greece.com\/blog\/es\/wp-json\/wp\/v2\/posts\/161\/revisions\/6674"}],"wp:featuredmedia":[{"embeddable":true,"href":"https:\/\/www.travel-zone-greece.com\/blog\/es\/wp-json\/wp\/v2\/media\/158"}],"wp:attachment":[{"href":"https:\/\/www.travel-zone-greece.com\/blog\/es\/wp-json\/wp\/v2\/media?parent=161"}],"wp:term":[{"taxonomy":"category","embeddable":true,"href":"https:\/\/www.travel-zone-greece.com\/blog\/es\/wp-json\/wp\/v2\/categories?post=161"},{"taxonomy":"post_tag","embeddable":true,"href":"https:\/\/www.travel-zone-greece.com\/blog\/es\/wp-json\/wp\/v2\/tags?post=161"}],"curies":[{"name":"wp","href":"https:\/\/api.w.org\/{rel}","templated":true}]}}